{"id":1137,"date":"2016-01-19T08:00:04","date_gmt":"2016-01-19T07:00:04","guid":{"rendered":"http:\/\/www.ulrich-heister.de\/bewusstseinsblog\/?p=1137"},"modified":"2019-05-20T16:44:12","modified_gmt":"2019-05-20T14:44:12","slug":"was-ist-eigentlich-dieses-ich","status":"publish","type":"post","link":"https:\/\/ulrich-heister.de\/bewusstseinsblog\/was-ist-eigentlich-dieses-ich\/","title":{"rendered":"Was ist eigentlich dieses Ich, von dem alle immer reden?"},"content":{"rendered":"<p>\u201eIch habe das (nicht) getan.\u201c \u201eIch habe dar\u00fcber nachgedacht.\u201c \u201eIch f\u00fchle mich nicht so gut.\u201c \u201eIch habe einen Fehler gemacht.\u201c \u201eDas muss ich noch lernen.\u201c \u201eIch bin gro\u00dfartig.\u201c \u201eIch liebe dich.\u201c \u2013 Wie oft wir wohl an einem Tag das Wort \u201eich\u201c sagen? Was ist dieses Ich? Wo ist es zu finden? In diesem Artikel finden Sie die Antwort.<\/p>\n<h3>Sie kennen die Antwort<\/h3>\n<p>Es gab einmal eine Zeit, da waren Sie nicht Ich. K\u00f6nnen Sie sich daran erinnern? Es ist schon etwas her. Sie waren noch sehr klein. Was ist seither geschehen? Wo ist das Ich hergekommen? Die Antwort ist unromantisch und f\u00fcr manch einen bestimmt befremdlich: Ihr Nervensystem ist im Laufe Ihrer pers\u00f6nlichen Entwicklung so komplex geworden, dass es eine Selbstbez\u00fcglichkeit herstellen konnte. Es lernte zu dem Bild im Spiegel \u201eIch\u201c zu sagen und auf seinen eigenen Namen zu reagieren. Au\u00dfer Ihrem eigenen Namen lernten Sie die Namen f\u00fcr die Dinge um Sie herum. \u201eMama\u201c, \u201eStuhl\u201c, \u201eBlume\u201c, \u201eEssen\u201c und so weiter. Die realen Erscheinungen wurden mit Abstraktionen assoziiert, also mit Begriffen benannt. Wir brauchen diese Begriffe, um mit anderen sprachlich kommunizieren zu k\u00f6nnen.<\/p>\n<h3>Alle sind auf der Suche<\/h3>\n<p>Irgendwann gew\u00f6hnten Sie sich daran, Ihren K\u00f6rper und alles, was in ihm stattfand \u2013 wie Empfindungen, Gef\u00fchle und Gedanken \u2013 mit \u201eIch\u201c zu bezeichnen. Und pl\u00f6tzlich waren Sie getrennt. Es gab ab sofort Ich und Nicht-Ich. Das ist die gro\u00dfe menschliche Trag\u00f6die, der letztlich alle Formen des Leides und alle Probleme entspringen. Sie sind sich selbst in die Falle gegangen. Die Spannung zwischen der objektivierten, kollektiven, kommunizierbaren Realit\u00e4t da drau\u00dfen und der subjektiven Realit\u00e4t hier drinnen scheint Sie manchmal zerrei\u00dfen zu wollen. Dabei ist diese Grenze nur imagin\u00e4r.<\/p>\n<p>Eine vage Erinnerung an den fr\u00fcheren Zustand, in dem Sie mit allem eins und in Frieden waren, schlummert noch in Ihnen. Sie ist nicht bei allen Menschen gleich pr\u00e4sent, doch ist die Sehnsucht nach diesem Zustand bei allen der eigentliche Antrieb. Alle wollen \u201enach Hause\u201c. Alle machen sich auf ihre Weise auf die Suche. Religionen, Lehren, spirituelle Praktiken, Wissenschaften, Philosophien und Ideologien sollen den Weg weisen. Sie besch\u00e4ftigen in der Regel jedoch nur den Verstand und stiften Verwirrung. Schauen Sie sich die Welt an!<\/p>\n<h3>Was ist, ist alles, was ist<\/h3>\n<p>Wo finden wir unseren Ursprung wieder? Wie kommen wir aus diesem Ich-Dilemma wieder heraus? Die Antwort ist einfach: Nehmen Sie alles wahr als das, was es ist. Ein Stuhl ist ein Stuhl. Eine Blume ist eine Blume. Ein Gedanke ist ein Gedanke. Ein Gef\u00fchl ist ein Gef\u00fchl. Lassen Sie die Geschichten darum herum einfach weg. Das Ich ist ein Ich. Es ist eine Erscheinung unter vielen. Das Wesen des Ichs ist ein Gedanke. Machen Sie sich das klar, auch wenn dieser Gedanke mit Empfindungen verkn\u00fcpft ist. Auch diese Empfindung ist eben lediglich eine Empfindung. Tats\u00e4chlich sind diese Empfindung, dieser Gedanke, dieses Ich, dieser Baum, dieser Stuhl absolut gleichrangige Erscheinungen der Ganzheit, die Sie ja bereits von fr\u00fcher kennen. Tats\u00e4chlich existieren kein Innen und kein Au\u00dfen. In meinem <a href=\"https:\/\/ulrich-heister.de\/kurs\/\">Kurs<\/a> k\u00f6nnen Sie dies ganz real erfahren.<\/p>\n<p>Es ist die Ganzheit, die die B\u00e4ume wachsen, das Ich entstehen, Wolken ziehen, Sonnen ausbrennen, Katzen schnurren und Menschen handeln l\u00e4sst. Da ist niemand. Kein Ich. Es ist eine Erfindung des Nervensystems. Es nimmt die Dinge, die einfach so geschehen, f\u00fcr sich nachtr\u00e4glich in Besitz. Es behauptet einfach: \u201eIch habe das getan, ich habe das geleistet, ich habe das gedacht, ich habe das empfunden.\u201c Es war niemand anders als das Leben, die Ganzheit selbst. Manch einen mag diese Behauptung \u00e4ngstigen, doch tats\u00e4chlich ist die Ganzheit, das Nicht-Ich, das Zuhause. Seien Sie sich dieser Tatsache gewahr und definieren Sie, als Person, Ihr Leben. Die passenden Techniken gibt es auch in dem <a href=\"https:\/\/ulrich-heister.de\/kurs\/\">Kurs<\/a>.<\/p>\n<p>Ich bin versucht zu behaupten, dass die Erkenntnis des imagin\u00e4ren Ichs grundlegend notwendig ist, damit die Menschheit wahre Fortschritte machen kann. Ohne sie wird es nie Frieden geben, und kein Leben wird angstfrei sein. Das Ich w\u00fcrde wieder seinen angestammten Platz einnehmen und dem Menschen dienen, statt ihn zu tyrannisieren. Doch dadurch entst\u00fcnde prompt eine neue Ideologie und die n\u00fctzt nichts, wie wir ja wissen.<\/p>\n<h3><a href=\"https:\/\/ulrich-heister.de\/\">Erfahre, was mit moderner Psychotherapie m\u00f6glich ist!<\/a><\/h3>\n","protected":false},"excerpt":{"rendered":"<p>\u201eIch habe das (nicht) getan.\u201c \u201eIch habe dar\u00fcber nachgedacht.\u201c \u201eIch f\u00fchle mich nicht so gut.\u201c \u201eIch habe einen Fehler gemacht.\u201c \u201eDas muss ich noch lernen.\u201c \u201eIch bin gro\u00dfartig.\u201c \u201eIch liebe dich.\u201c \u2013 Wie oft wir wohl an einem Tag das Wort \u201eich\u201c sagen? Was ist dieses Ich? Wo ist es zu finden? In diesem Artikel [&hellip;]<\/p>\n","protected":false},"author":1,"featured_media":1213,"comment_status":"closed","ping_status":"closed","sticky":false,"template":"","format":"image","meta":{"footnotes":""},"categories":[442],"tags":[70,115,121,123,127,134,159,223,258,285,345,359,381],"class_list":["post-1137","post","type-post","status-publish","format-image","has-post-thumbnail","hentry","category-thema","tag-ego","tag-friede","tag-ganzheit","tag-gedanken","tag-gefuhl","tag-gewahrsein","tag-ich","tag-mensch","tag-person","tag-raum","tag-suche","tag-trennung","tag-vergangenheit","post_format-post-format-image"],"_links":{"self":[{"href":"https:\/\/ulrich-heister.de\/bewusstseinsblog\/wp-json\/wp\/v2\/posts\/1137","targetHints":{"allow":["GET"]}}],"collection":[{"href":"https:\/\/ulrich-heister.de\/bewusstseinsblog\/wp-json\/wp\/v2\/posts"}],"about":[{"href":"https:\/\/ulrich-heister.de\/bewusstseinsblog\/wp-json\/wp\/v2\/types\/post"}],"author":[{"embeddable":true,"href":"https:\/\/ulrich-heister.de\/bewusstseinsblog\/wp-json\/wp\/v2\/users\/1"}],"replies":[{"embeddable":true,"href":"https:\/\/ulrich-heister.de\/bewusstseinsblog\/wp-json\/wp\/v2\/comments?post=1137"}],"version-history":[{"count":6,"href":"https:\/\/ulrich-heister.de\/bewusstseinsblog\/wp-json\/wp\/v2\/posts\/1137\/revisions"}],"predecessor-version":[{"id":2380,"href":"https:\/\/ulrich-heister.de\/bewusstseinsblog\/wp-json\/wp\/v2\/posts\/1137\/revisions\/2380"}],"wp:featuredmedia":[{"embeddable":true,"href":"https:\/\/ulrich-heister.de\/bewusstseinsblog\/wp-json\/wp\/v2\/media\/1213"}],"wp:attachment":[{"href":"https:\/\/ulrich-heister.de\/bewusstseinsblog\/wp-json\/wp\/v2\/media?parent=1137"}],"wp:term":[{"taxonomy":"category","embeddable":true,"href":"https:\/\/ulrich-heister.de\/bewusstseinsblog\/wp-json\/wp\/v2\/categories?post=1137"},{"taxonomy":"post_tag","embeddable":true,"href":"https:\/\/ulrich-heister.de\/bewusstseinsblog\/wp-json\/wp\/v2\/tags?post=1137"}],"curies":[{"name":"wp","href":"https:\/\/api.w.org\/{rel}","templated":true}]}}