{"id":1142,"date":"2016-01-22T08:00:18","date_gmt":"2016-01-22T07:00:18","guid":{"rendered":"http:\/\/www.ulrich-heister.de\/bewusstseinsblog\/?p=1142"},"modified":"2021-01-31T14:06:41","modified_gmt":"2021-01-31T13:06:41","slug":"bewusstseins-notiz-17-2016","status":"publish","type":"post","link":"https:\/\/ulrich-heister.de\/bewusstseinsblog\/bewusstseins-notiz-17-2016\/","title":{"rendered":"Dankbarkeit statt Defizit"},"content":{"rendered":"<p>Drei Wochen und ein Tag nach Jahresbeginn. Egal, ob Sie zu denen geh\u00f6ren, die sich regelrechte Listen anlegen, oder ob Sie nur zum neuen Jahr insgeheim \u00fcberlegen, was in Zukunft besser laufen sollte: Was ist aus Ihren guten Vors\u00e4tzen geworden? Sind sie vielleicht l\u00e4ngst im Alltag irgendwie ein bisschen oder sogar ganz in Vergessenheit geraten? Das k\u00f6nnte daran liegen, dass solche typischen guten Vors\u00e4tze tats\u00e4chlich gar nicht so gut f\u00fcr uns sind. Denn sie best\u00e4rken vor allem das Gef\u00fchl von Defiziten: \u201eIch rauche zu viel.\u201c \u201eIch esse nicht diszipliniert genug.\u201c \u201eIch tue immer noch nicht alles, um beruflich durchzustarten.\u201c Dass wir scheinbar immer wieder gegen unsere eigene Absicht handeln, hat \u00fcbrigens auch Gr\u00fcnde. Diesem Thema widme ich mich am kommenden Dienstag im Bewusstseinsblog.<\/p>\n<p>Doch der Widerstand gegen eine Situation oder eine Empfindung ist paradoxerweise so ziemlich die sicherste Methode um sie regelrecht zu verfestigen und auf Dauer zu behalten.<\/p>\n<p>Wie w\u00e4re es, wenn Sie stattdessen an diesem Wochenende einmal eine Liste mit den Dingen machen, f\u00fcr die Sie wirklich dankbar sind? Das muss gar nicht lang und aufw\u00e4ndig sein: einfach in Gedanken oder auf Papier einige Stichworte festhalten und in jedes davon einmal so richtig hineinf\u00fchlen. F\u00fchlt sich gut an, oder?<\/p>\n<p>Wer wei\u00df, vielleicht entwickeln sich aus dieser F\u00fclle und dieser St\u00e4rkung heraus pl\u00f6tzlich Ver\u00e4nderungen und Erfolge ganz ohne Anstrengung? Viel Spa\u00df beim Dankbar-Sein!<\/p>\n","protected":false},"excerpt":{"rendered":"<p>Drei Wochen und ein Tag nach Jahresbeginn. Egal, ob Sie zu denen geh\u00f6ren, die sich regelrechte Listen anlegen, oder ob Sie nur zum neuen Jahr insgeheim \u00fcberlegen, was in Zukunft besser laufen sollte: Was ist aus Ihren guten Vors\u00e4tzen geworden? Sind sie vielleicht l\u00e4ngst im Alltag irgendwie ein bisschen oder sogar ganz in Vergessenheit geraten? [&hellip;]<\/p>\n","protected":false},"author":1,"featured_media":1195,"comment_status":"closed","ping_status":"closed","sticky":false,"template":"","format":"image","meta":{"footnotes":""},"categories":[442],"tags":[570,571,572,397],"class_list":["post-1142","post","type-post","status-publish","format-image","has-post-thumbnail","hentry","category-thema","tag-dankbarkeit","tag-defizit","tag-scheitern","tag-vorsatz","post_format-post-format-image"],"_links":{"self":[{"href":"https:\/\/ulrich-heister.de\/bewusstseinsblog\/wp-json\/wp\/v2\/posts\/1142","targetHints":{"allow":["GET"]}}],"collection":[{"href":"https:\/\/ulrich-heister.de\/bewusstseinsblog\/wp-json\/wp\/v2\/posts"}],"about":[{"href":"https:\/\/ulrich-heister.de\/bewusstseinsblog\/wp-json\/wp\/v2\/types\/post"}],"author":[{"embeddable":true,"href":"https:\/\/ulrich-heister.de\/bewusstseinsblog\/wp-json\/wp\/v2\/users\/1"}],"replies":[{"embeddable":true,"href":"https:\/\/ulrich-heister.de\/bewusstseinsblog\/wp-json\/wp\/v2\/comments?post=1142"}],"version-history":[{"count":12,"href":"https:\/\/ulrich-heister.de\/bewusstseinsblog\/wp-json\/wp\/v2\/posts\/1142\/revisions"}],"predecessor-version":[{"id":2534,"href":"https:\/\/ulrich-heister.de\/bewusstseinsblog\/wp-json\/wp\/v2\/posts\/1142\/revisions\/2534"}],"wp:featuredmedia":[{"embeddable":true,"href":"https:\/\/ulrich-heister.de\/bewusstseinsblog\/wp-json\/wp\/v2\/media\/1195"}],"wp:attachment":[{"href":"https:\/\/ulrich-heister.de\/bewusstseinsblog\/wp-json\/wp\/v2\/media?parent=1142"}],"wp:term":[{"taxonomy":"category","embeddable":true,"href":"https:\/\/ulrich-heister.de\/bewusstseinsblog\/wp-json\/wp\/v2\/categories?post=1142"},{"taxonomy":"post_tag","embeddable":true,"href":"https:\/\/ulrich-heister.de\/bewusstseinsblog\/wp-json\/wp\/v2\/tags?post=1142"}],"curies":[{"name":"wp","href":"https:\/\/api.w.org\/{rel}","templated":true}]}}