{"id":1588,"date":"2017-03-18T10:45:43","date_gmt":"2017-03-18T09:45:43","guid":{"rendered":"http:\/\/www.ulrich-heister.de\/bewusstseinsblog\/?p=1588"},"modified":"2021-01-31T14:21:25","modified_gmt":"2021-01-31T13:21:25","slug":"bewusstseinsimpuls-25-was-eigentlich-ist-das-ich","status":"publish","type":"post","link":"https:\/\/ulrich-heister.de\/bewusstseinsblog\/bewusstseinsimpuls-25-was-eigentlich-ist-das-ich\/","title":{"rendered":"Was eigentlich ist das Ich?"},"content":{"rendered":"<p>\u201eWas findest du vor, wenn du in dich gehst?\u201c \u2013 \u201eMich selbst, nat\u00fcrlich!\u201c, werden wohl die meisten Menschen antworten. Wir sind gewohnt, alles was innerhalb unserer Haut liegt, als \u201eIch\u201c oder \u201emeins\u201c zu bezeichnen. Doch ist das tats\u00e4chlich so? Was ist das Ich oder das Selbst? Wo ist es und woraus besteht es?<\/p>\n<p>F\u00fcr mich ist das Ich eine Abstraktion: die Summe der Gedanken, die das Nervensystem hervorbringt. Die Reize, die unser Nervensystem aufnimmt, haben wir schon als Kind gelernt, als unsere zu empfinden. ICH sehe, ICH h\u00f6re, ICH taste, ICH schmecke, ICH rieche, ICH denke, ICH empfinde.<\/p>\n<p>Descartes sagte: \u201eIch denke, also bin ich.\u201c Folglich: Wenn ich nicht denke, dann bin ich nicht. Nicht-Denken ist durchaus m\u00f6glich. Vielleicht haben Sie das sogar selbst in einer Meditation schon erlebt. Es gibt aber auch einfachere Wege, Gedankenlosigkeit zu erfahren. Wenn Sie nicht denken: \u201eIch sehe einen Baum.\u201c, sondern einfach nur schauen, dann ist da niemand mehr, der einen Baum sieht. Das Sehen geschieht einfach. Objekt und Subjekt, Baum und Sehender werden eins, innerhalb einer Ganzheit.<\/p>\n<p>F\u00fcr viele ist es schwer vorstellbar oder gar bedrohlich zu erkennen, dass das Ich seiner Natur nach imagin\u00e4r ist. Doch sich darauf einzulassen, er\u00f6ffnet viele M\u00f6glichkeiten. Denn wie wir uns selbst und unsere Umwelt erleben, h\u00e4ngt von unseren \u00dcberzeugungen, Meinungen und Bewertungen ab. \u00c4ndern wir diese, \u00e4ndert sich auch die Realit\u00e4t, die wir erleben. Das Ich ist also wandelbar, wenn es sich nicht mehr als festgelegt erf\u00e4hrt. Denn dann ist das Ich wandelbar. Es kann seine eingefahrenen Bewusstseinsmuster verlassen, sich \u00e4ndern und sich neu erfahren.<\/p>\n","protected":false},"excerpt":{"rendered":"<p>\u201eWas findest du vor, wenn du in dich gehst?\u201c \u2013 \u201eMich selbst, nat\u00fcrlich!\u201c, werden wohl die meisten Menschen antworten. Wir sind gewohnt, alles was innerhalb unserer Haut liegt, als \u201eIch\u201c oder \u201emeins\u201c zu bezeichnen. Doch ist das tats\u00e4chlich so? Was ist das Ich oder das Selbst? Wo ist es und woraus besteht es? F\u00fcr mich [&hellip;]<\/p>\n","protected":false},"author":1,"featured_media":1592,"comment_status":"closed","ping_status":"closed","sticky":false,"template":"","format":"image","meta":{"footnotes":""},"categories":[442],"tags":[159,545,306,310,546,544],"class_list":["post-1588","post","type-post","status-publish","format-image","has-post-thumbnail","hentry","category-thema","tag-ich","tag-illusion","tag-selbst","tag-selbstbild","tag-selbstkonzept","tag-selbsttaeuschung","post_format-post-format-image"],"_links":{"self":[{"href":"https:\/\/ulrich-heister.de\/bewusstseinsblog\/wp-json\/wp\/v2\/posts\/1588","targetHints":{"allow":["GET"]}}],"collection":[{"href":"https:\/\/ulrich-heister.de\/bewusstseinsblog\/wp-json\/wp\/v2\/posts"}],"about":[{"href":"https:\/\/ulrich-heister.de\/bewusstseinsblog\/wp-json\/wp\/v2\/types\/post"}],"author":[{"embeddable":true,"href":"https:\/\/ulrich-heister.de\/bewusstseinsblog\/wp-json\/wp\/v2\/users\/1"}],"replies":[{"embeddable":true,"href":"https:\/\/ulrich-heister.de\/bewusstseinsblog\/wp-json\/wp\/v2\/comments?post=1588"}],"version-history":[{"count":6,"href":"https:\/\/ulrich-heister.de\/bewusstseinsblog\/wp-json\/wp\/v2\/posts\/1588\/revisions"}],"predecessor-version":[{"id":2541,"href":"https:\/\/ulrich-heister.de\/bewusstseinsblog\/wp-json\/wp\/v2\/posts\/1588\/revisions\/2541"}],"wp:featuredmedia":[{"embeddable":true,"href":"https:\/\/ulrich-heister.de\/bewusstseinsblog\/wp-json\/wp\/v2\/media\/1592"}],"wp:attachment":[{"href":"https:\/\/ulrich-heister.de\/bewusstseinsblog\/wp-json\/wp\/v2\/media?parent=1588"}],"wp:term":[{"taxonomy":"category","embeddable":true,"href":"https:\/\/ulrich-heister.de\/bewusstseinsblog\/wp-json\/wp\/v2\/categories?post=1588"},{"taxonomy":"post_tag","embeddable":true,"href":"https:\/\/ulrich-heister.de\/bewusstseinsblog\/wp-json\/wp\/v2\/tags?post=1588"}],"curies":[{"name":"wp","href":"https:\/\/api.w.org\/{rel}","templated":true}]}}