{"id":1634,"date":"2017-04-20T09:15:45","date_gmt":"2017-04-20T07:15:45","guid":{"rendered":"http:\/\/www.ulrich-heister.de\/bewusstseinsblog\/?p=1634"},"modified":"2021-01-31T14:25:14","modified_gmt":"2021-01-31T13:25:14","slug":"die-tatsaechliche-natur-des-ich","status":"publish","type":"post","link":"https:\/\/ulrich-heister.de\/bewusstseinsblog\/die-tatsaechliche-natur-des-ich\/","title":{"rendered":"Die tats\u00e4chliche Natur des Ich"},"content":{"rendered":"<p>Ich behaupte: Wenn alle Menschen \u00fcber die tats\u00e4chliche Natur unseres Ichs Bescheid w\u00fcssten, w\u00e4ren die meisten pers\u00f6nlichen und globalen Probleme gel\u00f6st.<\/p>\n<p>Wir nehmen st\u00e4ndig Bezug auf uns selbst als \u201eIch\u201c: \u201eIch habe das gemacht\u201c \u201eIch f\u00fchle mich nicht so gut.\u201c \u201eDas ist meine Schuld.\u201c \u201eDas ist mein Bein.\u201c \u201eIch lebe.\u201c \u201eIch freue mich.\u201c \u201eDu hast mich verletzt.\u201c Und so weiter. Dieses \u201eIch\u201c ist so selbstverst\u00e4ndlich f\u00fcr uns, dass wir es nicht hinterfragen. Es stellt f\u00fcr uns eine felsenfeste Konstante dar. Wir erleben (fast) unser gesamtes Leben aus der Sicht des Ichs: Hier bin ich und dort sind die Umwelt sowie die anderen. Dabei wird in der Regel mit dem Ich das gemeint, was sich innerhalb unserer Haut befindet und dort empfunden wird.<\/p>\n<p>Das Ich wird als solide Wesenheit betrachtet, die mit dem, was um es herum geschieht und mit anderen Menschen in Wechselwirkung steht. Aber wo ist dieses Ich? Ist es unser K\u00f6rper? Hat es eine spezielle organische Repr\u00e4sentation in unserem Nervensystem? Ist es unsere Seele? Ist es ein spirituelles Wesen?<\/p>\n<p>Nein, all dies ist es nicht. Es ist gar kein Wesen, sondern eine Funktion unseres Nervensystems, die unser \u00dcberleben auf vielf\u00e4ltige Weise sicherstellen soll. Synchronisierte Gehirnbereiche mit verschiedenen Aufgaben lassen das Ich entstehen. Wird diese Koh\u00e4renz durch widerspr\u00fcchliche Sinneseindr\u00fccke, psychogene Substanzen oder M\u00fcdigkeit gest\u00f6rt, desintegriert das Ich. Wir sind verwirrt, halluzinieren, schlafen ein oder werden bewusstlos.<\/p>\n<p>Das Ich erm\u00f6glicht uns auf der einen Seite ein Selbstbild, ein Weltmodell, eine Vorstellung von Vergangenheit und Zukunft, Beziehungen, Empathie, soziale Strukturen, Kultur und die Planung und Kontrolle unseres Verhaltens. Auf der anderen Seite programmiert es uns. Es begrenzt uns in unserem Verhalten, trennt uns und legt unsere Bewertungen fest. Sein Schutzmechanismus wird oft nicht nur als Zweck, sondern als einzig richtige Verhaltens- und Denkweise interpretiert. Hier liegt die Ursache aller pers\u00f6nlichen, menschlichen und damit auch aller globalen Probleme.<\/p>\n<p>Die grundlegende Aufgabe des Ichs ist die Abgrenzung, um f\u00fcr die eigene Bed\u00fcrfniserf\u00fcllung sorgen zu k\u00f6nnen und so die eigene Existenz zu sichern. Kommt es bei der Stillung der eigenen Bed\u00fcrfnisse zur Kollision mit denen der anderen, entfalten sich Konflikte. Das geschieht im Kleinen, in der Paarbeziehung, in der Familie, aber auch im gr\u00f6\u00dferen Rahmen, zwischen Kultur- und Glaubensgruppen, bis hin zu den Nationen. Alle Identifikationsmuster tragen das Potenzial in sich, Konflikt mit dem Andersartigen entstehen zu lassen.<\/p>\n<p>Folgendes sollte jedem klar sein: Das Ich ist eine Illusion, ein Gedanke, eine Funktion, eine Vorspiegelung des Nervensystems, und es ist kein Wesen! Wenn Sie durch den Schleier der Selbstbegrenzung hindurchschauen, \u00f6ffnen Sie sich f\u00fcr die M\u00f6glichkeit einer gr\u00f6\u00dferen und freieren Realit\u00e4t! Es geht nicht darum, das Ich zu verteufeln, sondern es zu verstehen und seine wahre Natur zu erkennen.<\/p>\n<p>Was ist dann wirklicher als das Ich? Die Einheit. Das Ich kann mit dem Begriff \u201eEinheit\u201c nur wenig anfangen, denn seine Natur ist die Abgrenzung, bestenfalls hat es eine vage Vorstellung davon. Doch es l\u00e4sst sich \u2013 im positiven Sinne \u2013 \u00fcberlisten. So k\u00f6nnen wir einen Eindruck dieser grundlegenden Ganzheit gewinnen. Das ist keine spirituelle Spinnerei, sondern unmittelbar und unzweifelhaft erfahrbar.<\/p>\n<p>Das Ich ist immer in diese Ganzheit eingebettet. Wer Kontakt mit ihr hat, wird einen gr\u00f6\u00dferen Frieden in sich selbst finden und Abgrenzung, Konflikte und Hass zunehmend als l\u00e4cherlich erkennen. Eine lebenslange Ich-Identifikation l\u00e4sst sich nicht sofort aufweichen. Die Verschaltungen in unserem Gehirn sind fest verankert. Interessanterweise steigt das Empfinden von Einheit, je mehr Neuronen in unserem Gehirn mit einer Frequenz von 40 Hz synchron schwingen. Auch hierf\u00fcr gibt es also eine neuronale Entsprechung.\u00a0 <a href=\"https:\/\/ulrich-heister.de\/bewusstseinsblog\/annaherung\/\" target=\"_blank\" rel=\"noopener\">In diesem Artikel habe ich einen Weg beschrieben, sich der Ganzheit anzun\u00e4hern.<\/a><\/p>\n","protected":false},"excerpt":{"rendered":"<p>Ich behaupte: Wenn alle Menschen \u00fcber die tats\u00e4chliche Natur unseres Ichs Bescheid w\u00fcssten, w\u00e4ren die meisten pers\u00f6nlichen und globalen Probleme gel\u00f6st. Wir nehmen st\u00e4ndig Bezug auf uns selbst als \u201eIch\u201c: \u201eIch habe das gemacht\u201c \u201eIch f\u00fchle mich nicht so gut.\u201c \u201eDas ist meine Schuld.\u201c \u201eDas ist mein Bein.\u201c \u201eIch lebe.\u201c \u201eIch freue mich.\u201c \u201eDu hast [&hellip;]<\/p>\n","protected":false},"author":1,"featured_media":1609,"comment_status":"closed","ping_status":"closed","sticky":false,"template":"","format":"image","meta":{"footnotes":""},"categories":[442],"tags":[609,611,115,610,121,604,607,159,160,545,180,242,605,608,606,411],"class_list":["post-1634","post","type-post","status-publish","format-image","has-post-thumbnail","hentry","category-thema","tag-bewusstslosigkeit","tag-einheit","tag-friede","tag-funktion","tag-ganzheit","tag-gehirn","tag-hass","tag-ich","tag-identifikation","tag-illusion","tag-konflikt","tag-nervensystem","tag-neuronen","tag-schlaf","tag-verschaltung","tag-wesen","post_format-post-format-image"],"_links":{"self":[{"href":"https:\/\/ulrich-heister.de\/bewusstseinsblog\/wp-json\/wp\/v2\/posts\/1634","targetHints":{"allow":["GET"]}}],"collection":[{"href":"https:\/\/ulrich-heister.de\/bewusstseinsblog\/wp-json\/wp\/v2\/posts"}],"about":[{"href":"https:\/\/ulrich-heister.de\/bewusstseinsblog\/wp-json\/wp\/v2\/types\/post"}],"author":[{"embeddable":true,"href":"https:\/\/ulrich-heister.de\/bewusstseinsblog\/wp-json\/wp\/v2\/users\/1"}],"replies":[{"embeddable":true,"href":"https:\/\/ulrich-heister.de\/bewusstseinsblog\/wp-json\/wp\/v2\/comments?post=1634"}],"version-history":[{"count":9,"href":"https:\/\/ulrich-heister.de\/bewusstseinsblog\/wp-json\/wp\/v2\/posts\/1634\/revisions"}],"predecessor-version":[{"id":2543,"href":"https:\/\/ulrich-heister.de\/bewusstseinsblog\/wp-json\/wp\/v2\/posts\/1634\/revisions\/2543"}],"wp:featuredmedia":[{"embeddable":true,"href":"https:\/\/ulrich-heister.de\/bewusstseinsblog\/wp-json\/wp\/v2\/media\/1609"}],"wp:attachment":[{"href":"https:\/\/ulrich-heister.de\/bewusstseinsblog\/wp-json\/wp\/v2\/media?parent=1634"}],"wp:term":[{"taxonomy":"category","embeddable":true,"href":"https:\/\/ulrich-heister.de\/bewusstseinsblog\/wp-json\/wp\/v2\/categories?post=1634"},{"taxonomy":"post_tag","embeddable":true,"href":"https:\/\/ulrich-heister.de\/bewusstseinsblog\/wp-json\/wp\/v2\/tags?post=1634"}],"curies":[{"name":"wp","href":"https:\/\/api.w.org\/{rel}","templated":true}]}}