{"id":1848,"date":"2017-09-24T12:17:35","date_gmt":"2017-09-24T10:17:35","guid":{"rendered":"http:\/\/www.ulrich-heister.de\/bewusstseinsblog\/?p=1848"},"modified":"2021-01-31T14:30:31","modified_gmt":"2021-01-31T13:30:31","slug":"ist-glueck-das-ultimative-gefuehl","status":"publish","type":"post","link":"https:\/\/ulrich-heister.de\/bewusstseinsblog\/ist-glueck-das-ultimative-gefuehl\/","title":{"rendered":"Ist Gl\u00fcck das ultimative Gef\u00fchl?"},"content":{"rendered":"<p>Wir w\u00fcnschen einander Gl\u00fcck und Gl\u00fccksucher widmen ihm ihr Leben. Gl\u00fcck hat einen hohen Stellenwert in unserer Gesellschaft. Und wir alle wissen: Es ist verg\u00e4nglich. Nach dem Gl\u00fcck ist vor dem Gl\u00fcck. So hoffen wir. Und was ist dazwischen? Also versuchen wir, einen gl\u00fccklichen Moment nach der anderen zu erschaffen. Das ist anstrengend. Gibt es auch einen anderen Ansatz?<\/p>\n<h3>Die Natur ist hedonistisch<\/h3>\n<p>Von der Am\u00f6be bis zum Menschen sind alle Lebewesen Schmerzvermeider und Genusssucher. Das leuchtet ja auch ein, denn etwas, das Unbehagen oder Schmerz bereitet, gef\u00e4hrdet das eigene Weiterbestehen und etwas, das Wohlgef\u00fchl oder Genuss verspricht, f\u00f6rdert es. So k\u00f6nnte man sagen, die gesamte Natur ist eigentlich hedonistisch.<\/p>\n<p>Im Wesentlichen geht es ja um das \u00dcberleben und die Erhaltung der Art. Um das zu steuern, und dem Lebewesen die entsprechenden Impulse zu geben, braucht es bestimmte Verhaltensprogramme. Das Wesen braucht ja Erkennungsmuster f\u00fcr \u201egute\u201c, das hei\u00dft lebensf\u00f6rdernde, und \u201eb\u00f6se\u201c, das hei\u00dft lebensfeindliche, Gelegenheiten. Sonst ist es schneller aufgefressen, verhungert oder vergiftet, als es Piep sagen kann.<\/p>\n<h3>Unser Gehirn ist schuld<\/h3>\n<p>Es entstanden viele Arten, breiteten sich erfolgreich aus und entwickelten sich weiter. Andere starben aus. So ging es \u00fcber Millionen Jahre und niemand fragte nach Gl\u00fcck. Es war kein Thema. Alle k\u00fcmmerten sich um ihr \u00dcberleben und waren v\u00f6llig eins mit dem Sein. Welche Alternative h\u00e4tten sie auch gehabt?<\/p>\n<p>Dann entstand bei einigen Wesen im Gehirn der pr\u00e4frontale Cortex und es war aus mit dem Paradies. Unsere Vorfahren konnten pl\u00f6tzlich abstrahieren. Dinge bekamen Namen, Vorstellung entstand und es konnten Sachen gedacht werden, die gar nicht existierten!<\/p>\n<p>So kam die Unzufriedenheit in die Welt, denn es wurden Ideale und Ziele vorgestellt, die (noch) nicht real oder erreicht waren. Unsere Spezies wurde immer besser darin, aus Gedanken oder Vorstellungen heraus etwas zu manifestieren, und machte riesige Fortschritte. Ab dem Moment, in dem ein Ideal Realit\u00e4t oder ein Ziel Wirklichkeit wurde, sprach man von Gl\u00fcck. Doch machte das Gl\u00fcck die Menschen gl\u00fccklicher?<\/p>\n<h3>Ist Gl\u00fcck das ultimative Ziel?<\/h3>\n<p>Nein. Denn es ist fl\u00fcchtig. Gl\u00fcck ist nett, aber bedingt und zeitlich begrenzt. Das hat jeder schon erfahren. Sind die gl\u00fccklichen Umst\u00e4nde vorbei, geht es stimmungsm\u00e4\u00dfig erst einmal wieder bergab.<\/p>\n<p>Gibt es nicht irgendetwas nachhaltigeres, dr\u00e4ngt sich nun als Frage auf? Ja, gibt es und das gab es schon vor dem pr\u00e4frontalen Cortex! Unsere Sinne.<\/p>\n<p>Nimm einfach \u00fcber Deine Sinne wahr und schalte alle Bewertungen, Vorstellungen und Abstraktionen (den pr\u00e4frontale Cortex) ab. F\u00fchle, wie Du Dich f\u00fchlst, sehe, was Du siehst, h\u00f6re, was Du h\u00f6rst. Mache sonst nichts. Einige nennen es Meditation, doch diese Abstraktion ist \u00fcberfl\u00fcssig. Du wirst unmittelbar feststellen, dass sich ein gutes Gef\u00fchl, eine Zufriedenheit einstellt. Manche w\u00fcrden es vielleicht als eine Verbindung mit dem bezeichnen, was ist. Dieses gute Gef\u00fchl, diese Verbindung, ist nicht von Bedingungen abh\u00e4ngig und ist schon seit Millionen von Jahren verf\u00fcgbar!<\/p>\n","protected":false},"excerpt":{"rendered":"<p>Wir w\u00fcnschen einander Gl\u00fcck und Gl\u00fccksucher widmen ihm ihr Leben. Gl\u00fcck hat einen hohen Stellenwert in unserer Gesellschaft. Und wir alle wissen: Es ist verg\u00e4nglich. Nach dem Gl\u00fcck ist vor dem Gl\u00fcck. So hoffen wir. Und was ist dazwischen? Also versuchen wir, einen gl\u00fccklichen Moment nach der anderen zu erschaffen. Das ist anstrengend. Gibt es [&hellip;]<\/p>\n","protected":false},"author":1,"featured_media":1849,"comment_status":"closed","ping_status":"closed","sticky":false,"template":"","format":"image","meta":{"footnotes":""},"categories":[442],"tags":[454,619,639,638],"class_list":["post-1848","post","type-post","status-publish","format-image","has-post-thumbnail","hentry","category-thema","tag-erstgespraech","tag-glueck","tag-hedonismus","tag-praefrontaler-cortex","post_format-post-format-image"],"_links":{"self":[{"href":"https:\/\/ulrich-heister.de\/bewusstseinsblog\/wp-json\/wp\/v2\/posts\/1848","targetHints":{"allow":["GET"]}}],"collection":[{"href":"https:\/\/ulrich-heister.de\/bewusstseinsblog\/wp-json\/wp\/v2\/posts"}],"about":[{"href":"https:\/\/ulrich-heister.de\/bewusstseinsblog\/wp-json\/wp\/v2\/types\/post"}],"author":[{"embeddable":true,"href":"https:\/\/ulrich-heister.de\/bewusstseinsblog\/wp-json\/wp\/v2\/users\/1"}],"replies":[{"embeddable":true,"href":"https:\/\/ulrich-heister.de\/bewusstseinsblog\/wp-json\/wp\/v2\/comments?post=1848"}],"version-history":[{"count":4,"href":"https:\/\/ulrich-heister.de\/bewusstseinsblog\/wp-json\/wp\/v2\/posts\/1848\/revisions"}],"predecessor-version":[{"id":2548,"href":"https:\/\/ulrich-heister.de\/bewusstseinsblog\/wp-json\/wp\/v2\/posts\/1848\/revisions\/2548"}],"wp:featuredmedia":[{"embeddable":true,"href":"https:\/\/ulrich-heister.de\/bewusstseinsblog\/wp-json\/wp\/v2\/media\/1849"}],"wp:attachment":[{"href":"https:\/\/ulrich-heister.de\/bewusstseinsblog\/wp-json\/wp\/v2\/media?parent=1848"}],"wp:term":[{"taxonomy":"category","embeddable":true,"href":"https:\/\/ulrich-heister.de\/bewusstseinsblog\/wp-json\/wp\/v2\/categories?post=1848"},{"taxonomy":"post_tag","embeddable":true,"href":"https:\/\/ulrich-heister.de\/bewusstseinsblog\/wp-json\/wp\/v2\/tags?post=1848"}],"curies":[{"name":"wp","href":"https:\/\/api.w.org\/{rel}","templated":true}]}}